{"id":1685,"date":"2024-02-19T19:52:36","date_gmt":"2024-02-19T18:52:36","guid":{"rendered":"https:\/\/fanny-hall.com\/?p=1685"},"modified":"2024-02-19T19:52:36","modified_gmt":"2024-02-19T18:52:36","slug":"auto-censure","status":"publish","type":"post","link":"https:\/\/fanny-hall.com\/?p=1685","title":{"rendered":"AUTO-CENSURE"},"content":{"rendered":"\n<p class=\"has-drop-cap\">Sur Instagram je fonctionne uniquement par le biais des stories. J\u2019aime bien cette id\u00e9e de partage, je trouve le format <strong>dynamique<\/strong>, je prends vraiment plaisir \u00e0 cr\u00e9er mes \u00ab\u00a0petites stories\u00a0\u00bb comme je me plais \u00e0 les appeler tendrement. Une <strong>storie<\/strong>, c\u2019est un partage de <strong>l\u2019instant<\/strong> quelque part nous y donnons tous une direction artistique, du compte priv\u00e9 d\u2019un passionn\u00e9 de varappe au compte professionnel d\u2019un salon de coiffure, le champs est <strong>vaste<\/strong>. <br><br>Je me r\u00e9jouis des interactions g\u00e9n\u00e9r\u00e9es par cette <strong>vitrine<\/strong>. Partage d\u2019un instant ou d\u2019une succession selon le format photo ou vid\u00e9o choisi.<\/p>\n\n\n\n<p>Le choix, impulsion <strong>instinctive<\/strong> de partage associ\u00e9e \u00e0 l\u2019envie. L\u00e0, tout de suite c\u2019est la gamine cr\u00e9ative qui \u00e9crit: Je kiffe vraiment r\u00e9aliser des stories, dans ma <strong>sensibilit\u00e9<\/strong> (je le pr\u00e9cise, celle-ci est si propre \u00e0 chacun) mes propositions pour la forme, sont dans le sens de mon esth\u00e9tisme artistique personnel: Mon \u00ab&nbsp;joli&nbsp;\u00bb \u00e0 moi\u2026 <\/p>\n\n\n\n<p>Ce que je partage? Un peu de ce que j\u2019aime vivre ressentir, qui me passionne ou plus simplement une <strong>inspiration.<\/strong><\/p>\n\n\n\n<p>Aujourd\u2019hui, je me suis auto-censur\u00e9e. Sur un r\u00e9frig\u00e9rateur, un <strong>sticker<\/strong> (tu connais ma passion-sticker) \u00e0 sa vue je souris, je d\u00e9gaine mon smartphone, clic, une photo, un \u00e9change apr\u00e8s je me ravise, et si malgr\u00e9 un premier degr\u00e9 que je trouve si dr\u00f4le cela pouvait <strong>heurter<\/strong> des sensibilit\u00e9s?<\/p>\n\n\n\n<p>D\u00e9s\u0153uvr\u00e9e Fanny, un peu <strong>conne<\/strong> quoi, j\u2019ai pris tr\u00e8s vite la d\u00e9cision de ne pas faire de storie, aussi vite j\u2019ai r\u00e9solu \u00e0 \u00e9crire ici. Je dessine des <strong>Lilith<\/strong>, presque un blasph\u00e8me ainsi je n\u2019y ai pas vu \u00e0 mal, bien au contraire. De plus ici, dans la maison du Sticker vivent une Lilith au bic et l\u2019un de mes tableaux d\u2019inspiration Guta\u00ef\u2026 plein d\u2019autres trucs plus cool les uns des autres. <br><\/p>\n\n\n\n<figure class=\"wp-block-image size-large\"><img loading=\"lazy\" width=\"773\" height=\"1024\" src=\"https:\/\/fanny-hall.com\/wp-content\/uploads\/2024\/02\/IMG_8900-773x1024.jpeg\" alt=\"\" class=\"wp-image-1689\" srcset=\"https:\/\/fanny-hall.com\/wp-content\/uploads\/2024\/02\/IMG_8900-773x1024.jpeg 773w, https:\/\/fanny-hall.com\/wp-content\/uploads\/2024\/02\/IMG_8900-226x300.jpeg 226w, https:\/\/fanny-hall.com\/wp-content\/uploads\/2024\/02\/IMG_8900-768x1017.jpeg 768w, https:\/\/fanny-hall.com\/wp-content\/uploads\/2024\/02\/IMG_8900-1160x1536.jpeg 1160w, https:\/\/fanny-hall.com\/wp-content\/uploads\/2024\/02\/IMG_8900-1546x2048.jpeg 1546w, https:\/\/fanny-hall.com\/wp-content\/uploads\/2024\/02\/IMG_8900-1140x1510.jpeg 1140w, https:\/\/fanny-hall.com\/wp-content\/uploads\/2024\/02\/IMG_8900-scaled.jpeg 1933w\" sizes=\"(max-width: 773px) 100vw, 773px\" \/><\/figure>\n\n\n\n<p>J\u2019ai filtr\u00e9, ici est ma<strong> safe-place<\/strong>, il y aura ta d\u00e9marche \u00e0 me lire jusqu\u2019ici, peut-\u00eatre auras-tu celle de me faire un retour, qu\u2019 aurais-tu fait \u00e0 ma place, t\u2019est-il d\u00e9j\u00e0 arriv\u00e9 une <strong>auto-censure<\/strong>..? Pour quelles raisons? As-tu d\u00e9j\u00e0 \u00e9t\u00e9 heurt\u00e9 par une storie? J\u2019ouvre le <strong>dialogue<\/strong>.<\/p>\n\n\n\n<p>Sinon, que penses-tu de ce sticker? <\/p>\n\n\n\n<figure class=\"wp-block-image size-large\"><img loading=\"lazy\" width=\"1024\" height=\"746\" src=\"https:\/\/fanny-hall.com\/wp-content\/uploads\/2024\/02\/IMG_8899-1024x746.jpeg\" alt=\"\" class=\"wp-image-1688\" srcset=\"https:\/\/fanny-hall.com\/wp-content\/uploads\/2024\/02\/IMG_8899-1024x746.jpeg 1024w, https:\/\/fanny-hall.com\/wp-content\/uploads\/2024\/02\/IMG_8899-300x218.jpeg 300w, https:\/\/fanny-hall.com\/wp-content\/uploads\/2024\/02\/IMG_8899-768x559.jpeg 768w, https:\/\/fanny-hall.com\/wp-content\/uploads\/2024\/02\/IMG_8899-1536x1119.jpeg 1536w, https:\/\/fanny-hall.com\/wp-content\/uploads\/2024\/02\/IMG_8899-2048x1491.jpeg 2048w, https:\/\/fanny-hall.com\/wp-content\/uploads\/2024\/02\/IMG_8899-1140x830.jpeg 1140w\" sizes=\"(max-width: 1024px) 100vw, 1024px\" \/><\/figure>\n\n\n\n<p>Ajout\u00e9 juste avant de poster, par acquis de conscience j\u2019ai proc\u00e9d\u00e9 \u00e0 une recherche sur le net. Il semble que ce sticker soit issu d\u2019une marque de v\u00eatements et d\u2019accessoires localis\u00e9e \u00e0 Toulouse. <\/p>\n","protected":false},"excerpt":{"rendered":"<p>Sur Instagram je fonctionne uniquement par le biais des stories. J\u2019aime bien cette id\u00e9e de partage, je trouve le format dynamique, je prends vraiment plaisir \u00e0 cr\u00e9er mes \u00ab\u00a0petites stories\u00a0\u00bb comme je me plais \u00e0 les appeler tendrement. Une storie, c\u2019est un partage de l\u2019instant quelque part nous y donnons tous une direction artistique, du compte priv\u00e9 d\u2019un passionn\u00e9 de varappe au compte professionnel d\u2019un salon de coiffure, le champs est vaste. Je me r\u00e9jouis des interactions g\u00e9n\u00e9r\u00e9es par cette vitrine. Partage d\u2019un instant ou d\u2019une succession selon le format photo ou vid\u00e9o choisi. Le choix, impulsion instinctive de partage associ\u00e9e \u00e0 l\u2019envie. L\u00e0, tout de suite c\u2019est la gamine cr\u00e9ative qui \u00e9crit: Je kiffe vraiment r\u00e9aliser des stories, dans ma sensibilit\u00e9 (je le pr\u00e9cise, celle-ci est si propre \u00e0 chacun) mes propositions pour la forme, sont dans le sens de mon esth\u00e9tisme artistique personnel: Mon \u00ab&nbsp;joli&nbsp;\u00bb \u00e0 moi\u2026 Ce que je partage? Un peu de ce que j\u2019aime vivre ressentir, qui me passionne ou plus simplement une inspiration. Aujourd\u2019hui, je me suis auto-censur\u00e9e. Sur un r\u00e9frig\u00e9rateur, un sticker (tu connais ma passion-sticker) \u00e0 sa vue je souris, je d\u00e9gaine mon smartphone, clic, une photo, un \u00e9change apr\u00e8s je me ravise, et si malgr\u00e9 un premier degr\u00e9 que je trouve si dr\u00f4le cela pouvait heurter des sensibilit\u00e9s? D\u00e9s\u0153uvr\u00e9e Fanny, un peu conne quoi, j\u2019ai pris tr\u00e8s vite la d\u00e9cision de ne pas faire de storie, aussi vite j\u2019ai r\u00e9solu \u00e0 \u00e9crire ici. Je dessine des Lilith, presque un blasph\u00e8me ainsi je n\u2019y ai pas vu \u00e0 mal, bien au contraire. De plus ici, dans la maison du Sticker vivent une Lilith au bic et l\u2019un de mes tableaux d\u2019inspiration Guta\u00ef\u2026 plein d\u2019autres trucs plus cool les uns des autres. J\u2019ai filtr\u00e9, ici est ma safe-place, il y aura ta d\u00e9marche \u00e0 me lire jusqu\u2019ici, peut-\u00eatre auras-tu celle de me faire un retour, qu\u2019 aurais-tu fait \u00e0 ma place, t\u2019est-il d\u00e9j\u00e0 arriv\u00e9 une auto-censure..? Pour quelles raisons? As-tu d\u00e9j\u00e0 \u00e9t\u00e9 heurt\u00e9 par une storie? J\u2019ouvre le dialogue. Sinon, que penses-tu de ce sticker? Ajout\u00e9 juste avant de poster, par acquis de conscience j\u2019ai proc\u00e9d\u00e9 \u00e0 une recherche sur le net. Il semble que ce sticker soit issu d\u2019une marque de v\u00eatements et d\u2019accessoires localis\u00e9e \u00e0 Toulouse.<\/p>\n","protected":false},"author":1,"featured_media":1686,"comment_status":"open","ping_status":"open","sticky":true,"template":"","format":"standard","meta":{"ngg_post_thumbnail":0},"categories":[9],"tags":[3,190,10,4,89,129,13,33,6,20,22,21,5,112,113,114,212,25],"_links":{"self":[{"href":"https:\/\/fanny-hall.com\/index.php?rest_route=\/wp\/v2\/posts\/1685"}],"collection":[{"href":"https:\/\/fanny-hall.com\/index.php?rest_route=\/wp\/v2\/posts"}],"about":[{"href":"https:\/\/fanny-hall.com\/index.php?rest_route=\/wp\/v2\/types\/post"}],"author":[{"embeddable":true,"href":"https:\/\/fanny-hall.com\/index.php?rest_route=\/wp\/v2\/users\/1"}],"replies":[{"embeddable":true,"href":"https:\/\/fanny-hall.com\/index.php?rest_route=%2Fwp%2Fv2%2Fcomments&post=1685"}],"version-history":[{"count":4,"href":"https:\/\/fanny-hall.com\/index.php?rest_route=\/wp\/v2\/posts\/1685\/revisions"}],"predecessor-version":[{"id":1692,"href":"https:\/\/fanny-hall.com\/index.php?rest_route=\/wp\/v2\/posts\/1685\/revisions\/1692"}],"wp:featuredmedia":[{"embeddable":true,"href":"https:\/\/fanny-hall.com\/index.php?rest_route=\/wp\/v2\/media\/1686"}],"wp:attachment":[{"href":"https:\/\/fanny-hall.com\/index.php?rest_route=%2Fwp%2Fv2%2Fmedia&parent=1685"}],"wp:term":[{"taxonomy":"category","embeddable":true,"href":"https:\/\/fanny-hall.com\/index.php?rest_route=%2Fwp%2Fv2%2Fcategories&post=1685"},{"taxonomy":"post_tag","embeddable":true,"href":"https:\/\/fanny-hall.com\/index.php?rest_route=%2Fwp%2Fv2%2Ftags&post=1685"}],"curies":[{"name":"wp","href":"https:\/\/api.w.org\/{rel}","templated":true}]}}