{"id":1710,"date":"2025-01-12T20:47:20","date_gmt":"2025-01-12T19:47:20","guid":{"rendered":"https:\/\/fanny-hall.com\/?p=1710"},"modified":"2025-01-12T20:52:58","modified_gmt":"2025-01-12T19:52:58","slug":"en-process","status":"publish","type":"post","link":"https:\/\/fanny-hall.com\/?p=1710","title":{"rendered":"En Process"},"content":{"rendered":"\n<p>D\u00e9sir d\u2019\u00e9crire, je le saisis.<\/p>\n\n\n\n<p>C\u2019est allong\u00e9e sur mon r\u00e9cent clic-clac gris taupe que je vais parler de mon process artistique, j\u2019y entre mais c\u2019est tr\u00e8s laborieux, j\u2019ai un peu dessin\u00e9 vendredi et r\u00e9alis\u00e9 de la reproduction s\u00e9rielle, je ne suis pas tr\u00e8s convaincue, j\u2019arrive \u00e0 r\u00e9guler ma main droite pour qu\u2019elle tremble moins, manque d\u2019assurance dans le trait, les conditions pas id\u00e9ales, manque de soleil et froid, je suis particuli\u00e8rement frileuse, je soup\u00e7onne des probl\u00e8mes d\u2019isolation, je suis un clich\u00e9 d\u2019artiste \u00e0 sa table avec couverture et chat sur les genoux, Marie-Sagesse. L\u2019autre jour on m\u2019a fait remarquer la qualit\u00e9 de la p\u00e9riode sombre de certains artistes me citant Van Gogh. Je m\u2019accroche \u00e0 cette fine branche. Que va donner ma p\u00e9riode sombre? En voil\u00e0 une question int\u00e9ressante et conscientis\u00e9e pour un artiste. Je r\u00e9fl\u00e9chis \u00e0 \u00e7a allong\u00e9e sur mon canap\u00e9, \u00e7a fait parti du processus de cr\u00e9ation, Hors de question de passer \u00e0 la partie technique j\u2019y collerai de la nero-inferno noire partout. <br>J\u2019ai cess\u00e9 mes activit\u00e9s de vent d\u2019Hall** hormis un petit sticker panini ou autre d\u2019un Happy Meal \u00e0 l\u2019occasion Mais les encres restent  quand m\u00eame tr\u00e8s addictives\u2026 On m\u2019a dit que c\u2019\u00e9tait certainement mon trouble associetal que j\u2019avais perdu, \u00e7a ne m\u2019a pas r\u00e9jouis c\u2019est l\u2019un des moteurs de ma cr\u00e9ativit\u00e9. Fichue politique de la ville qui rend les sorties de plus en plus difficiles. D\u2019ailleurs j\u2019en profite pour f\u00e9liciter Padre qui reste actif. Mes r\u00e9tines le remercie. <br>Pendant mes r\u00e9flexions, inconsciemment j\u2019ai commenc\u00e9 \u00e0 ressortir des vieilles toiles, je termine tr\u00e8s rarement mes peintures, c\u2019est un soucis et \u00e7a m\u2019est apparu et si je d\u00e9cidai de les terminer et de les pr\u00e9senter au \u00ab\u00a0Salon re\u00e7oit\u00a0\u00bb? j\u2019ai pr\u00e9sent\u00e9 tr\u00e8s peu de peintures jusque l\u00e0. Je r\u00e9p\u00e8te je suis dans le clich\u00e9 assum\u00e9 de l\u2019artiste. je manque de moyens, la r\u00e9cession, la crise du Covid tout \u00e7a quoi. Les feutres, les encres \u00e7a co\u00fbte un bras. En plus du clich\u00e9 artiste j\u2019ai celui  de la maman-solo modeste + 3 chats et un hamster. Conclusion j\u2019utilise ce que j\u2019ai d\u00e9j\u00e0 en atelier pas d\u2019achat de mat\u00e9riel \u00e0 part vraiment le stricte minimum soit des posca fin, ceux qui ne crachent pas. <br>J\u2019ai envie d\u2019exposer \u00ab\u00a0Elle\u00a0\u00bb, le travail de dotation y est particuli\u00e8rement r\u00e9ussi, je n\u2019ai plus envie de doter, une p\u00e9riode\u2026 <\/p>\n\n\n\n<p>Je mets beaucoup de s\u00e9rieux \u00e0 monter une exposition, je suis bien d\u00e9cid\u00e9e \u00e0 continuer ainsi. <br>Terminer mes peintures\u2026 \u00c0 m\u00e9diter s\u00e9rieusement et \u00eatre pleine de gratitude d\u2019\u00eatre une artiste qui expose <\/p>\n\n\n\n<figure class=\"wp-block-image size-large\"><img loading=\"lazy\" width=\"768\" height=\"1024\" src=\"https:\/\/fanny-hall.com\/wp-content\/uploads\/2025\/01\/IMG_0408-768x1024.jpeg\" alt=\"\" class=\"wp-image-1712\" srcset=\"https:\/\/fanny-hall.com\/wp-content\/uploads\/2025\/01\/IMG_0408-768x1024.jpeg 768w, https:\/\/fanny-hall.com\/wp-content\/uploads\/2025\/01\/IMG_0408-225x300.jpeg 225w, https:\/\/fanny-hall.com\/wp-content\/uploads\/2025\/01\/IMG_0408-1152x1536.jpeg 1152w, https:\/\/fanny-hall.com\/wp-content\/uploads\/2025\/01\/IMG_0408-1536x2048.jpeg 1536w, https:\/\/fanny-hall.com\/wp-content\/uploads\/2025\/01\/IMG_0408-1140x1520.jpeg 1140w, https:\/\/fanny-hall.com\/wp-content\/uploads\/2025\/01\/IMG_0408-scaled.jpeg 1920w\" sizes=\"(max-width: 768px) 100vw, 768px\" \/><figcaption>E<\/figcaption><\/figure>\n\n\n\n<p>J\u2019expose en 2025! <br><\/p>\n\n\n\n<p>Au sinon j\u2019ai eu une merde aujourd\u2019hui j\u2019ai perdu mon compte Facebook car mon Ig ne serait pas aux normes d\u2019utilisation, 177 jours pour faire ma demande de r\u00e9cup\u00e9ration, j\u2019y m\u00e9dite, des pour et des contres\u2026 <\/p>\n\n\n\n<p>Enfin merci \u00e0 toi, fid\u00e8le lecteur <\/p>\n","protected":false},"excerpt":{"rendered":"<p>D\u00e9sir d\u2019\u00e9crire, je le saisis. C\u2019est allong\u00e9e sur mon r\u00e9cent clic-clac gris taupe que je vais parler de mon process artistique, j\u2019y entre mais c\u2019est tr\u00e8s laborieux, j\u2019ai un peu dessin\u00e9 vendredi et r\u00e9alis\u00e9 de la reproduction s\u00e9rielle, je ne suis pas tr\u00e8s convaincue, j\u2019arrive \u00e0 r\u00e9guler ma main droite pour qu\u2019elle tremble moins, manque d\u2019assurance dans le trait, les conditions pas id\u00e9ales, manque de soleil et froid, je suis particuli\u00e8rement frileuse, je soup\u00e7onne des probl\u00e8mes d\u2019isolation, je suis un clich\u00e9 d\u2019artiste \u00e0 sa table avec couverture et chat sur les genoux, Marie-Sagesse. L\u2019autre jour on m\u2019a fait remarquer la qualit\u00e9 de la p\u00e9riode sombre de certains artistes me citant Van Gogh. Je m\u2019accroche \u00e0 cette fine branche. Que va donner ma p\u00e9riode sombre? En voil\u00e0 une question int\u00e9ressante et conscientis\u00e9e pour un artiste. Je r\u00e9fl\u00e9chis \u00e0 \u00e7a allong\u00e9e sur mon canap\u00e9, \u00e7a fait parti du processus de cr\u00e9ation, Hors de question de passer \u00e0 la partie technique j\u2019y collerai de la nero-inferno noire partout. J\u2019ai cess\u00e9 mes activit\u00e9s de vent d\u2019Hall** hormis un petit sticker panini ou autre d\u2019un Happy Meal \u00e0 l\u2019occasion Mais les encres restent quand m\u00eame tr\u00e8s addictives\u2026 On m\u2019a dit que c\u2019\u00e9tait certainement mon trouble associetal que j\u2019avais perdu, \u00e7a ne m\u2019a pas r\u00e9jouis c\u2019est l\u2019un des moteurs de ma cr\u00e9ativit\u00e9. Fichue politique de la ville qui rend les sorties de plus en plus difficiles. D\u2019ailleurs j\u2019en profite pour f\u00e9liciter Padre qui reste actif. Mes r\u00e9tines le remercie. Pendant mes r\u00e9flexions, inconsciemment j\u2019ai commenc\u00e9 \u00e0 ressortir des vieilles toiles, je termine tr\u00e8s rarement mes peintures, c\u2019est un soucis et \u00e7a m\u2019est apparu et si je d\u00e9cidai de les terminer et de les pr\u00e9senter au \u00ab\u00a0Salon re\u00e7oit\u00a0\u00bb? j\u2019ai pr\u00e9sent\u00e9 tr\u00e8s peu de peintures jusque l\u00e0. Je r\u00e9p\u00e8te je suis dans le clich\u00e9 assum\u00e9 de l\u2019artiste. je manque de moyens, la r\u00e9cession, la crise du Covid tout \u00e7a quoi. Les feutres, les encres \u00e7a co\u00fbte un bras. En plus du clich\u00e9 artiste j\u2019ai celui de la maman-solo modeste + 3 chats et un hamster. Conclusion j\u2019utilise ce que j\u2019ai d\u00e9j\u00e0 en atelier pas d\u2019achat de mat\u00e9riel \u00e0 part vraiment le stricte minimum soit des posca fin, ceux qui ne crachent pas. J\u2019ai envie d\u2019exposer \u00ab\u00a0Elle\u00a0\u00bb, le travail de dotation y est particuli\u00e8rement r\u00e9ussi, je n\u2019ai plus envie de doter, une p\u00e9riode\u2026 Je mets beaucoup de s\u00e9rieux \u00e0 monter une exposition, je suis bien d\u00e9cid\u00e9e \u00e0 continuer ainsi. Terminer mes peintures\u2026 \u00c0 m\u00e9diter s\u00e9rieusement et \u00eatre pleine de gratitude d\u2019\u00eatre une artiste qui expose J\u2019expose en 2025! Au sinon j\u2019ai eu une merde aujourd\u2019hui j\u2019ai perdu mon compte Facebook car mon Ig ne serait pas aux normes d\u2019utilisation, 177 jours pour faire ma demande de r\u00e9cup\u00e9ration, j\u2019y m\u00e9dite, des pour et des contres\u2026 Enfin merci \u00e0 toi, fid\u00e8le lecteur<\/p>\n","protected":false},"author":1,"featured_media":1713,"comment_status":"open","ping_status":"open","sticky":true,"template":"","format":"standard","meta":{"ngg_post_thumbnail":0},"categories":[8],"tags":[3,10,4,89,166,129,13,215,162,156,259],"_links":{"self":[{"href":"https:\/\/fanny-hall.com\/index.php?rest_route=\/wp\/v2\/posts\/1710"}],"collection":[{"href":"https:\/\/fanny-hall.com\/index.php?rest_route=\/wp\/v2\/posts"}],"about":[{"href":"https:\/\/fanny-hall.com\/index.php?rest_route=\/wp\/v2\/types\/post"}],"author":[{"embeddable":true,"href":"https:\/\/fanny-hall.com\/index.php?rest_route=\/wp\/v2\/users\/1"}],"replies":[{"embeddable":true,"href":"https:\/\/fanny-hall.com\/index.php?rest_route=%2Fwp%2Fv2%2Fcomments&post=1710"}],"version-history":[{"count":4,"href":"https:\/\/fanny-hall.com\/index.php?rest_route=\/wp\/v2\/posts\/1710\/revisions"}],"predecessor-version":[{"id":1717,"href":"https:\/\/fanny-hall.com\/index.php?rest_route=\/wp\/v2\/posts\/1710\/revisions\/1717"}],"wp:featuredmedia":[{"embeddable":true,"href":"https:\/\/fanny-hall.com\/index.php?rest_route=\/wp\/v2\/media\/1713"}],"wp:attachment":[{"href":"https:\/\/fanny-hall.com\/index.php?rest_route=%2Fwp%2Fv2%2Fmedia&parent=1710"}],"wp:term":[{"taxonomy":"category","embeddable":true,"href":"https:\/\/fanny-hall.com\/index.php?rest_route=%2Fwp%2Fv2%2Fcategories&post=1710"},{"taxonomy":"post_tag","embeddable":true,"href":"https:\/\/fanny-hall.com\/index.php?rest_route=%2Fwp%2Fv2%2Ftags&post=1710"}],"curies":[{"name":"wp","href":"https:\/\/api.w.org\/{rel}","templated":true}]}}