{"id":1723,"date":"2025-01-27T18:07:14","date_gmt":"2025-01-27T17:07:14","guid":{"rendered":"https:\/\/fanny-hall.com\/?p=1723"},"modified":"2025-05-15T17:13:57","modified_gmt":"2025-05-15T15:13:57","slug":"artiste-a-suivre","status":"publish","type":"post","link":"https:\/\/fanny-hall.com\/?p=1723","title":{"rendered":"ARTISTE \u00c0 SUIVRE"},"content":{"rendered":"\n<p>Samedi, motiv\u00e9e je me suis rendue avec les kids \u00e0 l\u2019exposition Fondblanc de Quentin Chabrillac au 100 all\u00e9e de Barcelone. <br><\/p>\n\n\n\n<figure class=\"wp-block-image size-full\"><img loading=\"lazy\" width=\"406\" height=\"557\" src=\"https:\/\/fanny-hall.com\/wp-content\/uploads\/2025\/01\/IMG_0480.jpeg\" alt=\"\" class=\"wp-image-1724\" srcset=\"https:\/\/fanny-hall.com\/wp-content\/uploads\/2025\/01\/IMG_0480.jpeg 406w, https:\/\/fanny-hall.com\/wp-content\/uploads\/2025\/01\/IMG_0480-219x300.jpeg 219w\" sizes=\"(max-width: 406px) 100vw, 406px\" \/><figcaption>Visuel Tania Vaton <\/figcaption><\/figure>\n\n\n\n<p>Quelle surprise quand nous sommes arriv\u00e9s sur site, le lieu ne m\u2019\u00e9tait pas inconnu, il y a 11 ans c\u2019\u00e9tait mon bureau, je travaillais alors \u00e0 un site  d\u00e9di\u00e9 aux parents et enfants, ce retour dans le pass\u00e9 m\u2019a donn\u00e9 une sensation \u00e9trange, une autre vie\u2026 Bref j\u2019ai d\u00e9pass\u00e9 cette premi\u00e8re impression pour profiter pleinement de la proposition artistique dans ce lieu aux beaux volumes certainement aid\u00e9 par l\u2019immeuble pyramidal d\u2019architecte qui l&rsquo;accueille.<br><\/p>\n\n\n\n<p>Cela fait un petit moment que je m&rsquo;int\u00e9resse au travail de cet artiste,  sa vision artistique m\u2019avait d\u00e9j\u00e0 convaincue au dernier Lay up o\u00f9 il avait su prendre sa place de mani\u00e8re instinctive \u00e0 te r\u00e9veiller la r\u00e9tine, d\u2019autant que l\u2019olfactif n\u2019\u00e9tait pas d\u00e9laiss\u00e9, une \u00e9paisse odeur de m\u00e9lange d\u2019essence et d\u2019huile impr\u00e9gnait la salle au grand volume du sol au plafond (et moi, j\u2019aime bien les odeurs chimiques \ud83e\udd37\ud83c\udffb\u200d\u2640\ufe0f) Il \u00e9mane de son travail une grande libert\u00e9 qui me fait retrouver mon souffle. <br>\u00c9tant en p\u00e9riode \u00ab&nbsp;Sombre&nbsp;\u00bb, le titre Fondblanc m\u2019a tout de suite rendue curieuse, et en ce moment il en faut beaucoup pour \u00e9veiller ma curiosit\u00e9. L\u2019Art de Quentin Chabrillac allait-il entrer en r\u00e9sonance avec le mien? Tu l\u2019auras compris, je me d\u00e9place \u00e0 tr\u00e8s peu d\u2019expositions depuis un an, fichue curiosit\u00e9 qui a du mal \u00e0 s\u2019\u00e9veiller.Indulgence. <br><\/p>\n\n\n\n<p>Je suis heureuse d\u2019y \u00eatre all\u00e9e le propos est fort int\u00e9ressant et l\u2019intention bien pr\u00e9sente, tout ce que j\u2019appr\u00e9cie. Un Art malin, de bons formats, de la lumi\u00e8re et du questionnement, beaucoup de questionnement inassouvi l\u2019artiste n\u2019\u00e9tant pas pr\u00e9sent, m\u00eame cela me questionne! <br><\/p>\n\n\n\n<figure class=\"wp-block-image size-large\"><img loading=\"lazy\" width=\"768\" height=\"1024\" src=\"https:\/\/fanny-hall.com\/wp-content\/uploads\/2025\/01\/IMG_0468-768x1024.jpeg\" alt=\"\" class=\"wp-image-1725\" srcset=\"https:\/\/fanny-hall.com\/wp-content\/uploads\/2025\/01\/IMG_0468-768x1024.jpeg 768w, https:\/\/fanny-hall.com\/wp-content\/uploads\/2025\/01\/IMG_0468-225x300.jpeg 225w, https:\/\/fanny-hall.com\/wp-content\/uploads\/2025\/01\/IMG_0468-1152x1536.jpeg 1152w, https:\/\/fanny-hall.com\/wp-content\/uploads\/2025\/01\/IMG_0468-1536x2048.jpeg 1536w, https:\/\/fanny-hall.com\/wp-content\/uploads\/2025\/01\/IMG_0468-1140x1520.jpeg 1140w, https:\/\/fanny-hall.com\/wp-content\/uploads\/2025\/01\/IMG_0468-scaled.jpeg 1920w\" sizes=\"(max-width: 768px) 100vw, 768px\" \/><figcaption>D\u00e9tail<\/figcaption><\/figure>\n\n\n\n<p>Je prends le parti pris de ne pas mettre de photos hormis quelques d\u00e9tails car j\u2019ai toute une pens\u00e9e sur le \u00ab&nbsp;public&nbsp;\u00bb, sa volont\u00e9 \u00e0 se d\u00e9placer pour aller \u00e0 la d\u00e9couverte d\u2019un artiste, toujours le principe d\u2019intention. L\u2019exposition se tenait sur 2 jours \u00e0 20 minutes \u00e0 pieds du Capitole avec en prime une jolie promenade au bord du si joli canal de Brienne. <br><\/p>\n\n\n\n<figure class=\"wp-block-image size-large\"><img loading=\"lazy\" width=\"768\" height=\"1024\" src=\"https:\/\/fanny-hall.com\/wp-content\/uploads\/2025\/01\/IMG_0466-768x1024.jpeg\" alt=\"\" class=\"wp-image-1726\" srcset=\"https:\/\/fanny-hall.com\/wp-content\/uploads\/2025\/01\/IMG_0466-768x1024.jpeg 768w, https:\/\/fanny-hall.com\/wp-content\/uploads\/2025\/01\/IMG_0466-225x300.jpeg 225w, https:\/\/fanny-hall.com\/wp-content\/uploads\/2025\/01\/IMG_0466-1152x1536.jpeg 1152w, https:\/\/fanny-hall.com\/wp-content\/uploads\/2025\/01\/IMG_0466-1536x2048.jpeg 1536w, https:\/\/fanny-hall.com\/wp-content\/uploads\/2025\/01\/IMG_0466-1140x1520.jpeg 1140w, https:\/\/fanny-hall.com\/wp-content\/uploads\/2025\/01\/IMG_0466-scaled.jpeg 1920w\" sizes=\"(max-width: 768px) 100vw, 768px\" \/><figcaption>D\u00e9tail <\/figcaption><\/figure>\n\n\n\n<p>Si j\u2019avais les moyens et l\u2019espace, je n\u2019h\u00e9siterai pas, je m\u2019offrirai une de ses pi\u00e8ces, je peux m\u2019y perdre pendant des heures. Bader\u2026 ces \u00ab&nbsp;blancs&nbsp;\u00bb et cette libert\u00e9 me font du bien. <br><\/p>\n\n\n\n<p class=\"has-drop-cap\">Je vous encourage \u00e0 le suivre de pr\u00e8s, vous pouvez le retrouver sur Instagram, h\u00e2te de conna\u00eetre sa prochaine actualit\u00e9 A\ud83e\udd0d<\/p>\n\n\n\n<p> <\/p>\n","protected":false},"excerpt":{"rendered":"<p>Samedi, motiv\u00e9e je me suis rendue avec les kids \u00e0 l\u2019exposition Fondblanc de Quentin Chabrillac au 100 all\u00e9e de Barcelone. Quelle surprise quand nous sommes arriv\u00e9s sur site, le lieu ne m\u2019\u00e9tait pas inconnu, il y a 11 ans c\u2019\u00e9tait mon bureau, je travaillais alors \u00e0 un site d\u00e9di\u00e9 aux parents et enfants, ce retour dans le pass\u00e9 m\u2019a donn\u00e9 une sensation \u00e9trange, une autre vie\u2026 Bref j\u2019ai d\u00e9pass\u00e9 cette premi\u00e8re impression pour profiter pleinement de la proposition artistique dans ce lieu aux beaux volumes certainement aid\u00e9 par l\u2019immeuble pyramidal d\u2019architecte qui l&rsquo;accueille. Cela fait un petit moment que je m&rsquo;int\u00e9resse au travail de cet artiste, sa vision artistique m\u2019avait d\u00e9j\u00e0 convaincue au dernier Lay up o\u00f9 il avait su prendre sa place de mani\u00e8re instinctive \u00e0 te r\u00e9veiller la r\u00e9tine, d\u2019autant que l\u2019olfactif n\u2019\u00e9tait pas d\u00e9laiss\u00e9, une \u00e9paisse odeur de m\u00e9lange d\u2019essence et d\u2019huile impr\u00e9gnait la salle au grand volume du sol au plafond (et moi, j\u2019aime bien les odeurs chimiques \ud83e\udd37\ud83c\udffb\u200d\u2640\ufe0f) Il \u00e9mane de son travail une grande libert\u00e9 qui me fait retrouver mon souffle. \u00c9tant en p\u00e9riode \u00ab&nbsp;Sombre&nbsp;\u00bb, le titre Fondblanc m\u2019a tout de suite rendue curieuse, et en ce moment il en faut beaucoup pour \u00e9veiller ma curiosit\u00e9. L\u2019Art de Quentin Chabrillac allait-il entrer en r\u00e9sonance avec le mien? Tu l\u2019auras compris, je me d\u00e9place \u00e0 tr\u00e8s peu d\u2019expositions depuis un an, fichue curiosit\u00e9 qui a du mal \u00e0 s\u2019\u00e9veiller.Indulgence. Je suis heureuse d\u2019y \u00eatre all\u00e9e le propos est fort int\u00e9ressant et l\u2019intention bien pr\u00e9sente, tout ce que j\u2019appr\u00e9cie. Un Art malin, de bons formats, de la lumi\u00e8re et du questionnement, beaucoup de questionnement inassouvi l\u2019artiste n\u2019\u00e9tant pas pr\u00e9sent, m\u00eame cela me questionne! Je prends le parti pris de ne pas mettre de photos hormis quelques d\u00e9tails car j\u2019ai toute une pens\u00e9e sur le \u00ab&nbsp;public&nbsp;\u00bb, sa volont\u00e9 \u00e0 se d\u00e9placer pour aller \u00e0 la d\u00e9couverte d\u2019un artiste, toujours le principe d\u2019intention. L\u2019exposition se tenait sur 2 jours \u00e0 20 minutes \u00e0 pieds du Capitole avec en prime une jolie promenade au bord du si joli canal de Brienne. Si j\u2019avais les moyens et l\u2019espace, je n\u2019h\u00e9siterai pas, je m\u2019offrirai une de ses pi\u00e8ces, je peux m\u2019y perdre pendant des heures. Bader\u2026 ces \u00ab&nbsp;blancs&nbsp;\u00bb et cette libert\u00e9 me font du bien. Je vous encourage \u00e0 le suivre de pr\u00e8s, vous pouvez le retrouver sur Instagram, h\u00e2te de conna\u00eetre sa prochaine actualit\u00e9 A\ud83e\udd0d<\/p>\n","protected":false},"author":1,"featured_media":1727,"comment_status":"open","ping_status":"open","sticky":true,"template":"","format":"standard","meta":{"ngg_post_thumbnail":0},"categories":[9],"tags":[3,4,261],"_links":{"self":[{"href":"https:\/\/fanny-hall.com\/index.php?rest_route=\/wp\/v2\/posts\/1723"}],"collection":[{"href":"https:\/\/fanny-hall.com\/index.php?rest_route=\/wp\/v2\/posts"}],"about":[{"href":"https:\/\/fanny-hall.com\/index.php?rest_route=\/wp\/v2\/types\/post"}],"author":[{"embeddable":true,"href":"https:\/\/fanny-hall.com\/index.php?rest_route=\/wp\/v2\/users\/1"}],"replies":[{"embeddable":true,"href":"https:\/\/fanny-hall.com\/index.php?rest_route=%2Fwp%2Fv2%2Fcomments&post=1723"}],"version-history":[{"count":5,"href":"https:\/\/fanny-hall.com\/index.php?rest_route=\/wp\/v2\/posts\/1723\/revisions"}],"predecessor-version":[{"id":1765,"href":"https:\/\/fanny-hall.com\/index.php?rest_route=\/wp\/v2\/posts\/1723\/revisions\/1765"}],"wp:featuredmedia":[{"embeddable":true,"href":"https:\/\/fanny-hall.com\/index.php?rest_route=\/wp\/v2\/media\/1727"}],"wp:attachment":[{"href":"https:\/\/fanny-hall.com\/index.php?rest_route=%2Fwp%2Fv2%2Fmedia&parent=1723"}],"wp:term":[{"taxonomy":"category","embeddable":true,"href":"https:\/\/fanny-hall.com\/index.php?rest_route=%2Fwp%2Fv2%2Fcategories&post=1723"},{"taxonomy":"post_tag","embeddable":true,"href":"https:\/\/fanny-hall.com\/index.php?rest_route=%2Fwp%2Fv2%2Ftags&post=1723"}],"curies":[{"name":"wp","href":"https:\/\/api.w.org\/{rel}","templated":true}]}}