{"id":235,"date":"2023-08-20T13:52:54","date_gmt":"2023-08-20T11:52:54","guid":{"rendered":"https:\/\/fanny-hall.com\/?p=235"},"modified":"2023-08-30T14:49:47","modified_gmt":"2023-08-30T12:49:47","slug":"journal-fictionnel-dun-vandale-1-%f0%9f%94%9e","status":"publish","type":"post","link":"https:\/\/fanny-hall.com\/?p=235","title":{"rendered":"Journal fictionnel d\u2019un vandale -1-  \ud83d\udd1e"},"content":{"rendered":"\n<p>Cher Toi, <\/p>\n\n\n\n<p>J\u2019ai mal dormi, je bois mon caf\u00e9 au lait.<\/p>\n\n\n\n<p>Vos gueules les cloches. Tout de suite je ne souffre rien. Je ne suis pas du matin, je ne suis pas du jour tout court. <\/p>\n\n\n\n<p>Je crois que le plus difficile ici sera de m\u2019extraire de la r\u00e9alit\u00e9 pour entrer dans ma v\u00e9rit\u00e9. M\u2019enfin, il y a des trucs qui ne s\u2019inventent pas. Pas si simple, tu peux me l\u2019accorder. Go Human..!<\/p>\n\n\n\n<p>je suis \u00ab&nbsp;la nuit je vous mens&nbsp;\u00bb.<\/p>\n\n\n\n<p>Je suis la fange de la fange, je suis un vandale. <\/p>\n\n\n\n<p>Je t\u2019arr\u00eate l\u00e0,  tout de suite, je ne donne pas dans le \u00ab&nbsp;beau&nbsp;\u00bb, dans le \u00ab&nbsp;\u00e0 la mode&nbsp;\u00bb. T\u2019en fais pas une pellicule, c\u2019est pas instagrammable ch\u00e9ri. <\/p>\n\n\n\n<p>Le vandalisme peut-il \u00eatre d\u00e9fini dans le biais subjectif? <\/p>\n\n\n\n<p>Non, le vandalisme puisant sont essence fondamentalement dans l\u2019ill\u00e9galit\u00e9.<\/p>\n\n\n\n<p>La l\u00e9galit\u00e9 peut-elle \u00eatre d\u00e9finie par le biais subjectif?<\/p>\n\n\n\n<p>Non, par le biais circonstanciel: Oui. <\/p>\n\n\n\n<p>Tu crois quoi? En 46 ans j\u2019ai eu le temps de cogiter \u00e0 ma condition atypique?  <\/p>\n\n\n\n<p>Tu crois que je ne me suis jamais demand\u00e9 pourquoi c\u2019est tomb\u00e9 sur moi?<\/p>\n\n\n\n<figure class=\"wp-block-image size-large is-resized\"><img loading=\"lazy\" src=\"https:\/\/fanny-hall.com\/wp-content\/uploads\/2023\/08\/IMG_2658-1024x898.jpeg\" alt=\"\" class=\"wp-image-241\" width=\"349\" height=\"306\" srcset=\"https:\/\/fanny-hall.com\/wp-content\/uploads\/2023\/08\/IMG_2658-1024x898.jpeg 1024w, https:\/\/fanny-hall.com\/wp-content\/uploads\/2023\/08\/IMG_2658-300x263.jpeg 300w, https:\/\/fanny-hall.com\/wp-content\/uploads\/2023\/08\/IMG_2658-768x673.jpeg 768w, https:\/\/fanny-hall.com\/wp-content\/uploads\/2023\/08\/IMG_2658-1536x1346.jpeg 1536w, https:\/\/fanny-hall.com\/wp-content\/uploads\/2023\/08\/IMG_2658-2048x1795.jpeg 2048w, https:\/\/fanny-hall.com\/wp-content\/uploads\/2023\/08\/IMG_2658-1140x999.jpeg 1140w\" sizes=\"(max-width: 349px) 100vw, 349px\" \/><\/figure>\n\n\n\n<p> 12h30, l\u2019heure de mon demi frais qui va estomper l\u2019effet Noeuds \u00e0 la t\u00eate des questions pr\u00e9c\u00e9dentes. <\/p>\n\n\n\n<p>Bukowski, sort de ce corps, ici c\u2019est Pur**.<\/p>\n\n\n\n<p>Pur** Vent d\u2019(H)all**<\/p>\n\n\n\n<p>comme une discr\u00e8te l\u00e9gende ignorante qui se balade. <\/p>\n\n\n\n<p>un truc non palpable. <\/p>\n\n\n\n<p>ill\u00e9galit\u00e9\/libert\u00e9 chaton. <\/p>\n\n\n\n<p>\u00c7a se r\u00e9sume \u00e0 \u00e7a. <\/p>\n\n\n\n<p>parole de petit fugueur \ud83d\ude01<\/p>\n\n\n\n<p><\/p>\n\n\n\n<p>Je te laisse l\u00e0 dessus: <\/p>\n\n\n\n<p>\u00c7a s\u2019occupe comment un fugueur? <\/p>\n\n\n\n<p>Pourquoi ce petit humain fugue? <\/p>\n\n\n\n<p>Dans les ann\u00e9es 80, c\u2019est p\u00e9joratif d\u2019\u00eatre consid\u00e9r\u00e9 fugueur? <\/p>\n\n\n\n<p>Tellement, encore plus dans une ville bourgeoise moyenne de province, v\u00e9ritable fabrique au d\u00e9veloppement du narcissisme de masse actuel. <\/p>\n\n\n\n<p>Oh my god, j\u2019ai fabriqu\u00e9 un affreux fugueur, not sorry les darons..! Bien l\u2019inverse&#8230;<\/p>\n\n\n\n<p> Data gueule<\/p>\n\n\n\n<p>Fugueur, un mot qui tend \u00e0 vulgariser une pens\u00e9e normative p\u00e9jorative et franchement d\u00e9su\u00e8te. <\/p>\n\n\n\n<p>Je lui pr\u00e9f\u00e8re Extracteur. <\/p>\n\n\n\n<p>Mon but \u00e9tait de m\u2019eXtraire d\u2019un foyer hautement dysfonctionnel et toxique comparable \u00e0 une petit h\u00f4pital psychiatrique g\u00e9r\u00e9 par l\u2019Etat en 2023. <\/p>\n\n\n\n<p>Pourquoi \u00e7a m\u2019est tomb\u00e9 dessus, plut\u00f4t comment..? <\/p>\n\n\n\n<p>C\u2019est pas une maladie, ce serait un Trouble, je serai donc un humain troubl\u00e9 par la norme soci\u00e9t\u2019Hall** <\/p>\n\n\n\n<p>et ses suivantes, dont les obsessions parentales,<\/p>\n\n\n\n<p>leur cort\u00e8ge de croyances putain de limitantes. <\/p>\n\n\n\n<p>Non, vandale pas militant, <\/p>\n\n\n\n<p>-pourquoi? <\/p>\n\n\n\n<p>T\u2019as jamais lu le Banquier anarchiste, je te le recommande, tu as pas la r\u00e9f?<\/p>\n\n\n\n<p> Fuck off Google, je vais pas mettre un r\u00e9tro lien dans un journal fictionnel en plus. <\/p>\n\n\n\n<p>Correction orthographique et grammaticale, conjugaison ? Hein..? J\u2019ai le phras\u00e9 que j\u2019ai, j\u2019\u00e9cris comme je parle. Vite. Vite fait comme un bon vieux gueta sur ta face, heu fa\u00e7ade. <\/p>\n\n\n\n<p>Parole d\u2019enfant. <\/p>\n\n\n\n<p><\/p>\n\n\n\n<p>Ton bien cher Pur**<\/p>\n\n\n\n<p><\/p>\n\n\n\n<p><strong>Copyright<\/strong>\u00a0\u00a9 Hall**<\/p>\n\n\n\n<p><\/p>\n","protected":false},"excerpt":{"rendered":"<p>Cher Toi, J\u2019ai mal dormi, je bois mon caf\u00e9 au lait. Vos gueules les cloches. Tout de suite je ne souffre rien. Je ne suis pas du matin, je ne suis pas du jour tout court. Je crois que le plus difficile ici sera de m\u2019extraire de la r\u00e9alit\u00e9 pour entrer dans ma v\u00e9rit\u00e9. M\u2019enfin, il y a des trucs qui ne s\u2019inventent pas. Pas si simple, tu peux me l\u2019accorder. Go Human..! je suis \u00ab&nbsp;la nuit je vous mens&nbsp;\u00bb. Je suis la fange de la fange, je suis un vandale. Je t\u2019arr\u00eate l\u00e0, tout de suite, je ne donne pas dans le \u00ab&nbsp;beau&nbsp;\u00bb, dans le \u00ab&nbsp;\u00e0 la mode&nbsp;\u00bb. T\u2019en fais pas une pellicule, c\u2019est pas instagrammable ch\u00e9ri. Le vandalisme peut-il \u00eatre d\u00e9fini dans le biais subjectif? Non, le vandalisme puisant sont essence fondamentalement dans l\u2019ill\u00e9galit\u00e9. La l\u00e9galit\u00e9 peut-elle \u00eatre d\u00e9finie par le biais subjectif? Non, par le biais circonstanciel: Oui. Tu crois quoi? En 46 ans j\u2019ai eu le temps de cogiter \u00e0 ma condition atypique? Tu crois que je ne me suis jamais demand\u00e9 pourquoi c\u2019est tomb\u00e9 sur moi? 12h30, l\u2019heure de mon demi frais qui va estomper l\u2019effet Noeuds \u00e0 la t\u00eate des questions pr\u00e9c\u00e9dentes. Bukowski, sort de ce corps, ici c\u2019est Pur**. Pur** Vent d\u2019(H)all** comme une discr\u00e8te l\u00e9gende ignorante qui se balade. un truc non palpable. ill\u00e9galit\u00e9\/libert\u00e9 chaton. \u00c7a se r\u00e9sume \u00e0 \u00e7a. parole de petit fugueur \ud83d\ude01 Je te laisse l\u00e0 dessus: \u00c7a s\u2019occupe comment un fugueur? Pourquoi ce petit humain fugue? Dans les ann\u00e9es 80, c\u2019est p\u00e9joratif d\u2019\u00eatre consid\u00e9r\u00e9 fugueur? Tellement, encore plus dans une ville bourgeoise moyenne de province, v\u00e9ritable fabrique au d\u00e9veloppement du narcissisme de masse actuel. Oh my god, j\u2019ai fabriqu\u00e9 un affreux fugueur, not sorry les darons..! Bien l\u2019inverse&#8230; Data gueule Fugueur, un mot qui tend \u00e0 vulgariser une pens\u00e9e normative p\u00e9jorative et franchement d\u00e9su\u00e8te. Je lui pr\u00e9f\u00e8re Extracteur. Mon but \u00e9tait de m\u2019eXtraire d\u2019un foyer hautement dysfonctionnel et toxique comparable \u00e0 une petit h\u00f4pital psychiatrique g\u00e9r\u00e9 par l\u2019Etat en 2023. Pourquoi \u00e7a m\u2019est tomb\u00e9 dessus, plut\u00f4t comment..? C\u2019est pas une maladie, ce serait un Trouble, je serai donc un humain troubl\u00e9 par la norme soci\u00e9t\u2019Hall** et ses suivantes, dont les obsessions parentales, leur cort\u00e8ge de croyances putain de limitantes. Non, vandale pas militant, -pourquoi? T\u2019as jamais lu le Banquier anarchiste, je te le recommande, tu as pas la r\u00e9f? Fuck off Google, je vais pas mettre un r\u00e9tro lien dans un journal fictionnel en plus. Correction orthographique et grammaticale, conjugaison ? Hein..? J\u2019ai le phras\u00e9 que j\u2019ai, j\u2019\u00e9cris comme je parle. Vite. Vite fait comme un bon vieux gueta sur ta face, heu fa\u00e7ade. Parole d\u2019enfant. Ton bien cher Pur** Copyright\u00a0\u00a9 Hall**<\/p>\n","protected":false},"author":1,"featured_media":240,"comment_status":"open","ping_status":"open","sticky":false,"template":"","format":"standard","meta":{"ngg_post_thumbnail":0},"categories":[7],"tags":[3,10,4,56,6,20,36,42,5,35,57,58,51,19,18,49,25,37,41,54,52],"_links":{"self":[{"href":"https:\/\/fanny-hall.com\/index.php?rest_route=\/wp\/v2\/posts\/235"}],"collection":[{"href":"https:\/\/fanny-hall.com\/index.php?rest_route=\/wp\/v2\/posts"}],"about":[{"href":"https:\/\/fanny-hall.com\/index.php?rest_route=\/wp\/v2\/types\/post"}],"author":[{"embeddable":true,"href":"https:\/\/fanny-hall.com\/index.php?rest_route=\/wp\/v2\/users\/1"}],"replies":[{"embeddable":true,"href":"https:\/\/fanny-hall.com\/index.php?rest_route=%2Fwp%2Fv2%2Fcomments&post=235"}],"version-history":[{"count":11,"href":"https:\/\/fanny-hall.com\/index.php?rest_route=\/wp\/v2\/posts\/235\/revisions"}],"predecessor-version":[{"id":337,"href":"https:\/\/fanny-hall.com\/index.php?rest_route=\/wp\/v2\/posts\/235\/revisions\/337"}],"wp:featuredmedia":[{"embeddable":true,"href":"https:\/\/fanny-hall.com\/index.php?rest_route=\/wp\/v2\/media\/240"}],"wp:attachment":[{"href":"https:\/\/fanny-hall.com\/index.php?rest_route=%2Fwp%2Fv2%2Fmedia&parent=235"}],"wp:term":[{"taxonomy":"category","embeddable":true,"href":"https:\/\/fanny-hall.com\/index.php?rest_route=%2Fwp%2Fv2%2Fcategories&post=235"},{"taxonomy":"post_tag","embeddable":true,"href":"https:\/\/fanny-hall.com\/index.php?rest_route=%2Fwp%2Fv2%2Ftags&post=235"}],"curies":[{"name":"wp","href":"https:\/\/api.w.org\/{rel}","templated":true}]}}