{"id":342,"date":"2023-09-05T11:07:21","date_gmt":"2023-09-05T09:07:21","guid":{"rendered":"https:\/\/fanny-hall.com\/?p=342"},"modified":"2023-09-05T12:53:49","modified_gmt":"2023-09-05T10:53:49","slug":"le-linge","status":"publish","type":"post","link":"https:\/\/fanny-hall.com\/?p=342","title":{"rendered":"Le linge"},"content":{"rendered":"\n<p>Enfant, j&rsquo;\u00e9tais convaincue que le linge sale ne pouvait pas \u00eatre lav\u00e9 en public (le voisinage) cependant qu\u2019il pouvait \u00eatre \u00e9tendu \u00e0 la vue une fois propre. <\/p>\n\n\n\n<p>Trop tardivement, j\u2019ai saisi cette expression pour ce qu\u2019elle est. *<\/p>\n\n\n\n<p>C\u2019est quoi ce linge? C\u2019est qui le public? De l\u2019importance de d\u00e9finir. <\/p>\n\n\n\n<p><\/p>\n\n\n\n<p>Sans \u00eatre <strong>f\u00e9ministe<\/strong>, je me reconnais <strong>humaniste<\/strong>,  je l\u2019identifie particuli\u00e8rement patriarcale et limitante. <\/p>\n\n\n\n<p>Je me questionne, \u00e0 l\u2019heure o\u00f9 la soci\u00e9t\u00e9 appelle \u00e0 lib\u00e9rer la <strong>parole<\/strong>, que vient faire une telle expression dans notre communication? Je trouve qu\u2019elle peut se r\u00e9v\u00e9ler <strong>clivante<\/strong>.  <\/p>\n\n\n\n<p>Cette <strong>expression<\/strong> devenue selon moi  <strong>croyance<\/strong> \u00e9ducative et maritale, trop souvent utilis\u00e9e \u00e0 mauvais escients, est tr\u00e8s pratique pour cacher les <strong>vilains<\/strong> petits <strong>secrets<\/strong>.<\/p>\n\n\n\n<p><\/p>\n\n\n\n<p>Nous avons tous des secrets, c\u2019est humain, avoir son jardin <strong>intime<\/strong> est <strong>l\u00e9gitime<\/strong> et n\u00e9cessaire. Il est propre \u00e0 qui nous sommes structurellement. <\/p>\n\n\n\n<p>Je ne passe pas \u00e0 trappe. J\u2019ai le mien.  Si demain j\u2019\u00e9tais contrainte et forc\u00e9e  de le r\u00e9v\u00e9ler dans son enti\u00e8ret\u00e9, je ne le ferai pas dans la joie, ce ne serait pas id\u00e9alement glorieux mais  je pourrais m\u2019ex\u00e9cuter, continuer \u00e0 dormir paisiblement ou encore me regarder dans les yeux. <\/p>\n\n\n\n<p>Le truc depuis gamine est que je n\u2019ai rien \u00e0 cacher, juste je n\u2019aime pas montrer. Et non je ne parle pas ici de ma photo de profil Instagram r\u00e9alis\u00e9e par l\u2019artiste Gauthier Gen\u00eat, c\u2019est un tout autre sujet qui fera certainement l\u2019objet d\u2019un article. <\/p>\n\n\n\n<p>Je d\u00e9cide donc d\u2019exclure cette expression de ma vie lui pr\u00e9f\u00e9rant \u00ab&nbsp;il faut \u00e9tendre son linge propre en public&nbsp;\u00bb.<\/p>\n\n\n\n<p>Malgr\u00e9 ce dernier \u00e9lan positif, je ne sais pas pour toi, mais perso je trouve qu\u2019il reste souvent des traces de taches putain de tenaces m\u00eame apr\u00e8s un lavage grand soin&#8230; Ma nappe vichy de pique-nIque peut le confirmer.<\/p>\n\n\n\n<p>Je vais continuer \u00e0 \u00e9tendre tout de m\u00eame mon linge et notamment ici, sur mon blog. <\/p>\n\n\n\n<p><\/p>\n\n\n\n<p><\/p>\n\n\n\n<p>*J\u2019ai toujours eu des soucis de compr\u00e9hension avec les expressions et les blagues, parfois c\u2019est dr\u00f4le, parfois \u00e7a m\u2019affiche un peu. D\u2019autres sujets d\u2019articles Art Living&#8230; \ud83e\udd37\ud83c\udffb\u200d\u2640\ufe0f<\/p>\n\n\n\n<p><\/p>\n\n\n\n<p><\/p>\n\n\n\n<p><\/p>\n\n\n\n<p><\/p>\n\n\n\n<p><\/p>\n\n\n\n<p><\/p>\n\n\n\n<p><\/p>\n","protected":false},"excerpt":{"rendered":"<p>Enfant, j&rsquo;\u00e9tais convaincue que le linge sale ne pouvait pas \u00eatre lav\u00e9 en public (le voisinage) cependant qu\u2019il pouvait \u00eatre \u00e9tendu \u00e0 la vue une fois propre. Trop tardivement, j\u2019ai saisi cette expression pour ce qu\u2019elle est. * C\u2019est quoi ce linge? C\u2019est qui le public? De l\u2019importance de d\u00e9finir. Sans \u00eatre f\u00e9ministe, je me reconnais humaniste, je l\u2019identifie particuli\u00e8rement patriarcale et limitante. Je me questionne, \u00e0 l\u2019heure o\u00f9 la soci\u00e9t\u00e9 appelle \u00e0 lib\u00e9rer la parole, que vient faire une telle expression dans notre communication? Je trouve qu\u2019elle peut se r\u00e9v\u00e9ler clivante. Cette expression devenue selon moi croyance \u00e9ducative et maritale, trop souvent utilis\u00e9e \u00e0 mauvais escients, est tr\u00e8s pratique pour cacher les vilains petits secrets. Nous avons tous des secrets, c\u2019est humain, avoir son jardin intime est l\u00e9gitime et n\u00e9cessaire. Il est propre \u00e0 qui nous sommes structurellement. Je ne passe pas \u00e0 trappe. J\u2019ai le mien. Si demain j\u2019\u00e9tais contrainte et forc\u00e9e de le r\u00e9v\u00e9ler dans son enti\u00e8ret\u00e9, je ne le ferai pas dans la joie, ce ne serait pas id\u00e9alement glorieux mais je pourrais m\u2019ex\u00e9cuter, continuer \u00e0 dormir paisiblement ou encore me regarder dans les yeux. Le truc depuis gamine est que je n\u2019ai rien \u00e0 cacher, juste je n\u2019aime pas montrer. Et non je ne parle pas ici de ma photo de profil Instagram r\u00e9alis\u00e9e par l\u2019artiste Gauthier Gen\u00eat, c\u2019est un tout autre sujet qui fera certainement l\u2019objet d\u2019un article. Je d\u00e9cide donc d\u2019exclure cette expression de ma vie lui pr\u00e9f\u00e9rant \u00ab&nbsp;il faut \u00e9tendre son linge propre en public&nbsp;\u00bb. Malgr\u00e9 ce dernier \u00e9lan positif, je ne sais pas pour toi, mais perso je trouve qu\u2019il reste souvent des traces de taches putain de tenaces m\u00eame apr\u00e8s un lavage grand soin&#8230; Ma nappe vichy de pique-nIque peut le confirmer. Je vais continuer \u00e0 \u00e9tendre tout de m\u00eame mon linge et notamment ici, sur mon blog. *J\u2019ai toujours eu des soucis de compr\u00e9hension avec les expressions et les blagues, parfois c\u2019est dr\u00f4le, parfois \u00e7a m\u2019affiche un peu. D\u2019autres sujets d\u2019articles Art Living&#8230; \ud83e\udd37\ud83c\udffb\u200d\u2640\ufe0f<\/p>\n","protected":false},"author":1,"featured_media":344,"comment_status":"open","ping_status":"open","sticky":false,"template":"","format":"standard","meta":{"ngg_post_thumbnail":0},"categories":[9],"tags":[3,10,4,33,80,82,6,20,21,5,77,81,76,78,79,83,25,32],"_links":{"self":[{"href":"https:\/\/fanny-hall.com\/index.php?rest_route=\/wp\/v2\/posts\/342"}],"collection":[{"href":"https:\/\/fanny-hall.com\/index.php?rest_route=\/wp\/v2\/posts"}],"about":[{"href":"https:\/\/fanny-hall.com\/index.php?rest_route=\/wp\/v2\/types\/post"}],"author":[{"embeddable":true,"href":"https:\/\/fanny-hall.com\/index.php?rest_route=\/wp\/v2\/users\/1"}],"replies":[{"embeddable":true,"href":"https:\/\/fanny-hall.com\/index.php?rest_route=%2Fwp%2Fv2%2Fcomments&post=342"}],"version-history":[{"count":4,"href":"https:\/\/fanny-hall.com\/index.php?rest_route=\/wp\/v2\/posts\/342\/revisions"}],"predecessor-version":[{"id":347,"href":"https:\/\/fanny-hall.com\/index.php?rest_route=\/wp\/v2\/posts\/342\/revisions\/347"}],"wp:featuredmedia":[{"embeddable":true,"href":"https:\/\/fanny-hall.com\/index.php?rest_route=\/wp\/v2\/media\/344"}],"wp:attachment":[{"href":"https:\/\/fanny-hall.com\/index.php?rest_route=%2Fwp%2Fv2%2Fmedia&parent=342"}],"wp:term":[{"taxonomy":"category","embeddable":true,"href":"https:\/\/fanny-hall.com\/index.php?rest_route=%2Fwp%2Fv2%2Fcategories&post=342"},{"taxonomy":"post_tag","embeddable":true,"href":"https:\/\/fanny-hall.com\/index.php?rest_route=%2Fwp%2Fv2%2Ftags&post=342"}],"curies":[{"name":"wp","href":"https:\/\/api.w.org\/{rel}","templated":true}]}}